{"id":4798,"date":"2026-04-30T22:48:37","date_gmt":"2026-04-30T22:48:37","guid":{"rendered":"https:\/\/www.estadio11.pt\/?p=4798"},"modified":"2026-04-30T22:48:37","modified_gmt":"2026-04-30T22:48:37","slug":"fotorreportagem-sl-benfica-28-40-sporting-cp","status":"publish","type":"post","link":"https:\/\/www.estadio11.pt\/?p=4798","title":{"rendered":"Fotorreportagem SL Benfica 28 &#8211; 40 Sporting CP"},"content":{"rendered":"<div><img decoding=\"async\" src=\"https:\/\/www.estadio11.pt\/wp-content\/uploads\/2026\/04\/MG_4395-1024x640.jpg\" \/><\/p>\n<div class=\"caption\">Foto Jos\u00e9 Germano<\/div>\n<\/div>\n<p>&nbsp;<\/p>\n<div><img decoding=\"async\" src=\"https:\/\/www.estadio11.pt\/wp-content\/uploads\/2026\/04\/MG_4397-1024x640.jpg\" \/><\/p>\n<div class=\"caption\">Foto Jos\u00e9 Germano<\/div>\n<\/div>\n<p>&nbsp;<\/p>\n<div><img decoding=\"async\" src=\"https:\/\/www.estadio11.pt\/wp-content\/uploads\/2026\/04\/MG_4475-1024x640.jpg\" \/><\/p>\n<div class=\"caption\">Foto Jos\u00e9 Germano<\/div>\n<\/div>\n<p>&nbsp;<\/p>\n<div><img decoding=\"async\" src=\"https:\/\/www.estadio11.pt\/wp-content\/uploads\/2026\/04\/MG_4670-1024x640.jpg\" \/><\/p>\n<div class=\"caption\">Foto Jos\u00e9 Germano<\/div>\n<\/div>\n","protected":false},"excerpt":{"rendered":"<p>Algumas fotografias (Jos\u00e9 Lu\u00eds Germano) da vit\u00f3ria gorda do Sporting sobre o Benfica em Andebol e o tricampeonato poder\u00e1 ser oficial na recep\u00e7\u00e3o ao Porto na Jornada 4 da II Fase do Campeonato Placard Andebol 1.<\/p>\n","protected":false},"author":2,"featured_media":4802,"comment_status":"open","ping_status":"open","sticky":false,"template":"","format":"standard","meta":{"cybocfi_hide_featured_image":"","footnotes":""},"categories":[17,16],"tags":[],"class_list":["post-4798","post","type-post","status-publish","format-standard","has-post-thumbnail","hentry","category-andebol","category-estadio11"],"blocksy_meta":[],"_links":{"self":[{"href":"https:\/\/www.estadio11.pt\/index.php?rest_route=\/wp\/v2\/posts\/4798","targetHints":{"allow":["GET"]}}],"collection":[{"href":"https:\/\/www.estadio11.pt\/index.php?rest_route=\/wp\/v2\/posts"}],"about":[{"href":"https:\/\/www.estadio11.pt\/index.php?rest_route=\/wp\/v2\/types\/post"}],"author":[{"embeddable":true,"href":"https:\/\/www.estadio11.pt\/index.php?rest_route=\/wp\/v2\/users\/2"}],"replies":[{"embeddable":true,"href":"https:\/\/www.estadio11.pt\/index.php?rest_route=%2Fwp%2Fv2%2Fcomments&post=4798"}],"version-history":[{"count":3,"href":"https:\/\/www.estadio11.pt\/index.php?rest_route=\/wp\/v2\/posts\/4798\/revisions"}],"predecessor-version":[{"id":4805,"href":"https:\/\/www.estadio11.pt\/index.php?rest_route=\/wp\/v2\/posts\/4798\/revisions\/4805"}],"wp:featuredmedia":[{"embeddable":true,"href":"https:\/\/www.estadio11.pt\/index.php?rest_route=\/wp\/v2\/media\/4802"}],"wp:attachment":[{"href":"https:\/\/www.estadio11.pt\/index.php?rest_route=%2Fwp%2Fv2%2Fmedia&parent=4798"}],"wp:term":[{"taxonomy":"category","embeddable":true,"href":"https:\/\/www.estadio11.pt\/index.php?rest_route=%2Fwp%2Fv2%2Fcategories&post=4798"},{"taxonomy":"post_tag","embeddable":true,"href":"https:\/\/www.estadio11.pt\/index.php?rest_route=%2Fwp%2Fv2%2Ftags&post=4798"}],"curies":[{"name":"wp","href":"https:\/\/api.w.org\/{rel}","templated":true}]}}