{"id":4615,"date":"2026-03-12T09:00:21","date_gmt":"2026-03-12T09:00:21","guid":{"rendered":"https:\/\/www.estadio11.pt\/?p=4615"},"modified":"2026-03-13T20:37:38","modified_gmt":"2026-03-13T20:37:38","slug":"fotorreportagem-sl-benfica-2-2-fc-porto","status":"publish","type":"post","link":"https:\/\/www.estadio11.pt\/?p=4615","title":{"rendered":"Fotorreportagem SL Benfica 2 \u2013 2 FC Porto"},"content":{"rendered":"<table>\n<tbody>\n<tr>\n<td><img decoding=\"async\" id=\"image1\" src=\"https:\/\/www.estadio11.pt\/wp-content\/uploads\/2026\/03\/WhatsApp-Image-2026-03-10-at-17.48.53-1-1024x682.jpeg\" \/><\/p>\n<div id=\"caption1\" class=\"caption\">Foto Daniela Duarte<\/div>\n<\/td>\n<\/tr>\n<tr>\n<td><img decoding=\"async\" id=\"image2\" src=\"https:\/\/www.estadio11.pt\/wp-content\/uploads\/2026\/03\/WhatsApp-Image-2026-03-10-at-17.48.53-4-1024x649.jpeg\" \/><\/p>\n<div id=\"caption2\" class=\"caption\">Foto Daniela Duarte<\/div>\n<\/td>\n<\/tr>\n<tr>\n<td><img decoding=\"async\" id=\"image3\" src=\"https:\/\/www.estadio11.pt\/wp-content\/uploads\/2026\/03\/WhatsApp-Image-2026-03-10-at-17.48.53-5-1024x682.jpeg\" \/><\/p>\n<div id=\"caption3\" class=\"caption\">Foto Daniela Duarte<\/div>\n<\/td>\n<\/tr>\n<tr>\n<td><img decoding=\"async\" id=\"image4\" src=\"https:\/\/www.estadio11.pt\/wp-content\/uploads\/2026\/03\/WhatsApp-Image-2026-03-10-at-17.48.53-7-1024x682.jpeg\" \/><\/p>\n<div id=\"caption4\" class=\"caption\">Foto Daniela Duarte<\/div>\n<\/td>\n<\/tr>\n<tr>\n<td><img decoding=\"async\" id=\"image5\" src=\"https:\/\/www.estadio11.pt\/wp-content\/uploads\/2026\/03\/Ficha.jpg\" \/><\/p>\n<div id=\"caption5\" class=\"caption\">Ficha do jogo<\/div>\n<\/td>\n<\/tr>\n<p><!-- NOVA LINHA 6 --><\/p>\n<tr>\n<td><img decoding=\"async\" id=\"image6\" src=\"https:\/\/www.estadio11.pt\/wp-content\/uploads\/2026\/03\/Classif_J25.jpg\" \/><\/p>\n<div id=\"caption6\" class=\"caption\">Classifica\u00e7\u00e3o ap\u00f3s a jornada 25<\/div>\n<\/td>\n<\/tr>\n<\/tbody>\n<\/table>\n","protected":false},"excerpt":{"rendered":"<p>Algumas fotografias (Daniela Duarte) do jogo da 25\u00aa jornada entre o Benfica e o Porto, com a equipa portista a chegar aos 0-2 antes de ver os encarnados empatarem. O Porto continua l\u00edder isolado.<\/p>\n","protected":false},"author":3,"featured_media":4617,"comment_status":"open","ping_status":"open","sticky":false,"template":"","format":"standard","meta":{"cybocfi_hide_featured_image":"","footnotes":""},"categories":[16,15],"tags":[],"class_list":["post-4615","post","type-post","status-publish","format-standard","has-post-thumbnail","hentry","category-estadio11","category-futebol"],"blocksy_meta":[],"_links":{"self":[{"href":"https:\/\/www.estadio11.pt\/index.php?rest_route=\/wp\/v2\/posts\/4615","targetHints":{"allow":["GET"]}}],"collection":[{"href":"https:\/\/www.estadio11.pt\/index.php?rest_route=\/wp\/v2\/posts"}],"about":[{"href":"https:\/\/www.estadio11.pt\/index.php?rest_route=\/wp\/v2\/types\/post"}],"author":[{"embeddable":true,"href":"https:\/\/www.estadio11.pt\/index.php?rest_route=\/wp\/v2\/users\/3"}],"replies":[{"embeddable":true,"href":"https:\/\/www.estadio11.pt\/index.php?rest_route=%2Fwp%2Fv2%2Fcomments&post=4615"}],"version-history":[{"count":4,"href":"https:\/\/www.estadio11.pt\/index.php?rest_route=\/wp\/v2\/posts\/4615\/revisions"}],"predecessor-version":[{"id":4625,"href":"https:\/\/www.estadio11.pt\/index.php?rest_route=\/wp\/v2\/posts\/4615\/revisions\/4625"}],"wp:featuredmedia":[{"embeddable":true,"href":"https:\/\/www.estadio11.pt\/index.php?rest_route=\/wp\/v2\/media\/4617"}],"wp:attachment":[{"href":"https:\/\/www.estadio11.pt\/index.php?rest_route=%2Fwp%2Fv2%2Fmedia&parent=4615"}],"wp:term":[{"taxonomy":"category","embeddable":true,"href":"https:\/\/www.estadio11.pt\/index.php?rest_route=%2Fwp%2Fv2%2Fcategories&post=4615"},{"taxonomy":"post_tag","embeddable":true,"href":"https:\/\/www.estadio11.pt\/index.php?rest_route=%2Fwp%2Fv2%2Ftags&post=4615"}],"curies":[{"name":"wp","href":"https:\/\/api.w.org\/{rel}","templated":true}]}}