{"id":4469,"date":"2026-01-21T23:16:11","date_gmt":"2026-01-21T23:16:11","guid":{"rendered":"https:\/\/www.estadio11.pt\/?p=4469"},"modified":"2026-01-22T23:33:20","modified_gmt":"2026-01-22T23:33:20","slug":"fotorreportagem-fc-porto-1-0-sl-benfica","status":"publish","type":"post","link":"https:\/\/www.estadio11.pt\/?p=4469","title":{"rendered":"Fotorreportagem FC Porto 1 \u2013 0 SL Benfica"},"content":{"rendered":"<table>\n<tbody>\n<tr>\n<td><img decoding=\"async\" id=\"image1\" src=\"https:\/\/www.estadio11.pt\/wp-content\/uploads\/2026\/01\/1L1A2217-1024x819.jpg\" \/><\/p>\n<div id=\"caption1\" class=\"caption\">Foto Pedro Reis<\/div>\n<\/td>\n<\/tr>\n<tr>\n<td><img decoding=\"async\" id=\"image2\" src=\"https:\/\/www.estadio11.pt\/wp-content\/uploads\/2026\/01\/1L1A2317-1024x819.jpg\" \/><\/p>\n<div id=\"caption2\" class=\"caption\">Foto Pedro Reis<\/div>\n<\/td>\n<\/tr>\n<tr>\n<td><img decoding=\"async\" id=\"image3\" src=\"https:\/\/www.estadio11.pt\/wp-content\/uploads\/2026\/01\/1L1A2465-1024x819.jpg\" \/><\/p>\n<div id=\"caption3\" class=\"caption\">Foto Pedro Reis<\/div>\n<\/td>\n<\/tr>\n<tr>\n<td><img decoding=\"async\" id=\"image4\" src=\"https:\/\/www.estadio11.pt\/wp-content\/uploads\/2026\/01\/1L1A3014-1024x819.jpg\" \/><\/p>\n<div id=\"caption4\" class=\"caption\">Foto Pedro Reis<\/div>\n<\/td>\n<\/tr>\n<tr>\n<td><img decoding=\"async\" id=\"image5\" src=\"https:\/\/www.estadio11.pt\/wp-content\/uploads\/2026\/01\/1L1A3288-1024x819.jpg\" \/><\/p>\n<div id=\"caption5\" class=\"caption\">Foto Pedro Reis<\/div>\n<\/td>\n<\/tr>\n<p><!-- NOVA LINHA 6 --><\/p>\n<tr>\n<td><img decoding=\"async\" id=\"image6\" src=\"https:\/\/www.estadio11.pt\/wp-content\/uploads\/2026\/01\/Ficha-3.png\" \/><\/p>\n<div id=\"caption6\" class=\"caption\">Ficha do jogo<\/div>\n<\/td>\n<\/tr>\n<\/tbody>\n<\/table>\n","protected":false},"excerpt":{"rendered":"<p>Algumas fotografias (Pedro Reis) do jogo dos Quartos de Final da Ta\u00e7a de Portugal, entre o Porto e o Benfica, com vit\u00f3ria e passagem \u00e0s meias finais da equipa azul e branca.<\/p>\n","protected":false},"author":4,"featured_media":4473,"comment_status":"open","ping_status":"open","sticky":false,"template":"","format":"standard","meta":{"cybocfi_hide_featured_image":"","footnotes":""},"categories":[16,15],"tags":[],"class_list":["post-4469","post","type-post","status-publish","format-standard","has-post-thumbnail","hentry","category-estadio11","category-futebol"],"blocksy_meta":[],"_links":{"self":[{"href":"https:\/\/www.estadio11.pt\/index.php?rest_route=\/wp\/v2\/posts\/4469","targetHints":{"allow":["GET"]}}],"collection":[{"href":"https:\/\/www.estadio11.pt\/index.php?rest_route=\/wp\/v2\/posts"}],"about":[{"href":"https:\/\/www.estadio11.pt\/index.php?rest_route=\/wp\/v2\/types\/post"}],"author":[{"embeddable":true,"href":"https:\/\/www.estadio11.pt\/index.php?rest_route=\/wp\/v2\/users\/4"}],"replies":[{"embeddable":true,"href":"https:\/\/www.estadio11.pt\/index.php?rest_route=%2Fwp%2Fv2%2Fcomments&post=4469"}],"version-history":[{"count":4,"href":"https:\/\/www.estadio11.pt\/index.php?rest_route=\/wp\/v2\/posts\/4469\/revisions"}],"predecessor-version":[{"id":4492,"href":"https:\/\/www.estadio11.pt\/index.php?rest_route=\/wp\/v2\/posts\/4469\/revisions\/4492"}],"wp:featuredmedia":[{"embeddable":true,"href":"https:\/\/www.estadio11.pt\/index.php?rest_route=\/wp\/v2\/media\/4473"}],"wp:attachment":[{"href":"https:\/\/www.estadio11.pt\/index.php?rest_route=%2Fwp%2Fv2%2Fmedia&parent=4469"}],"wp:term":[{"taxonomy":"category","embeddable":true,"href":"https:\/\/www.estadio11.pt\/index.php?rest_route=%2Fwp%2Fv2%2Fcategories&post=4469"},{"taxonomy":"post_tag","embeddable":true,"href":"https:\/\/www.estadio11.pt\/index.php?rest_route=%2Fwp%2Fv2%2Ftags&post=4469"}],"curies":[{"name":"wp","href":"https:\/\/api.w.org\/{rel}","templated":true}]}}