{"id":4380,"date":"2025-12-10T23:00:15","date_gmt":"2025-12-10T23:00:15","guid":{"rendered":"https:\/\/www.estadio11.pt\/?p=4380"},"modified":"2025-12-12T15:14:21","modified_gmt":"2025-12-12T15:14:21","slug":"fotorreportagem-sl-benfica-2-0-ssc-napoli","status":"publish","type":"post","link":"https:\/\/www.estadio11.pt\/?p=4380","title":{"rendered":"Fotorreportagem SL Benfica 2 \u2013 0 SSC Napoli"},"content":{"rendered":"<table>\n<tbody>\n<tr>\n<td><img decoding=\"async\" id=\"image1\" src=\"https:\/\/www.estadio11.pt\/wp-content\/uploads\/2025\/12\/MO9A3187-1024x819.jpg\" \/><\/p>\n<div id=\"caption1\" class=\"caption\">O Benfica precisava de vencer para ainda acreditar que \u00e9 poss\u00edvel atingir os playoffs. O N\u00e1poles n\u00e3o estava t\u00e3o mal na classifica\u00e7\u00e3o mas s\u00f3 tinham 7 pontos. Os encarnados fizeram uma exibi\u00e7\u00e3o a ro\u00e7ar a perfei\u00e7\u00e3o e venceram o campe\u00e3o italiano por 2 a 0 e atingiram os 6 pontos, a 1 ponto do advers\u00e1rio italiano. A esperan\u00e7a voltou ao Est\u00e1dio da Luz.<br \/>\nFoto Pedro Reis<\/div>\n<\/td>\n<\/tr>\n<tr>\n<td><img decoding=\"async\" id=\"image2\" src=\"https:\/\/www.estadio11.pt\/wp-content\/uploads\/2025\/12\/MO9A5553-1024x819.jpg\" \/><\/p>\n<div id=\"caption2\" class=\"caption\">Richard R\u00edos festeja o primeiro golo na Luz, aos 20&#8242;, perante 54.343 espetadores em del\u00edrio.<br \/>\nFoto Pedro Reis<\/div>\n<\/td>\n<\/tr>\n<tr>\n<td><img decoding=\"async\" id=\"image3\" src=\"https:\/\/www.estadio11.pt\/wp-content\/uploads\/2025\/12\/MO9A5657-1024x819.jpg\" \/><\/p>\n<div id=\"caption3\" class=\"caption\">Equipa encarnada festeja junta o golo de Richard R\u00edos.<br \/>\nFoto Pedro Reis<\/div>\n<\/td>\n<\/tr>\n<tr>\n<td><img decoding=\"async\" id=\"image4\" src=\"https:\/\/www.estadio11.pt\/wp-content\/uploads\/2025\/12\/MO9A5670-1024x819.jpg\" \/><\/p>\n<div id=\"caption4\" class=\"caption\">Leandro Barreiro comemora o seu golo e segundo para o Benfica, aos 49&#8242;.<br \/>\nFoto Pedro Reis<\/div>\n<\/td>\n<\/tr>\n<tr>\n<td><img decoding=\"async\" id=\"image5\" src=\"https:\/\/www.estadio11.pt\/wp-content\/uploads\/2025\/12\/MO9A6324-1024x819.jpg\" \/><\/p>\n<div id=\"caption5\" class=\"caption\">Rasmus H\u00f8jlund e Ant\u00f3nio Silva em luta pela posse da bola.<br \/>\nFoto Pedro Reis<\/div>\n<\/td>\n<\/tr>\n<p><!-- NOVA LINHA 6 --><\/p>\n<tr>\n<td><img decoding=\"async\" id=\"image6\" src=\"https:\/\/www.estadio11.pt\/wp-content\/uploads\/2025\/12\/Ficha-2.png\" \/><\/p>\n<div id=\"caption6\" class=\"caption\">Ficha do jogo<\/div>\n<\/td>\n<\/tr>\n<\/tbody>\n<\/table>\n","protected":false},"excerpt":{"rendered":"<p>Algumas fotografias (Pedro Reis) do jogo da 6\u00aa jornada da Liga dos Campe\u00f5es entre o Benfica e o campe\u00e3o italiano, com a vit\u00f3ria a sorrir aos encarnados que assim continuam na luta pelos playoffs.<\/p>\n","protected":false},"author":4,"featured_media":4383,"comment_status":"open","ping_status":"open","sticky":false,"template":"","format":"standard","meta":{"cybocfi_hide_featured_image":"","footnotes":""},"categories":[16,15,18],"tags":[],"class_list":["post-4380","post","type-post","status-publish","format-standard","has-post-thumbnail","hentry","category-estadio11","category-futebol","category-internacional"],"blocksy_meta":[],"_links":{"self":[{"href":"https:\/\/www.estadio11.pt\/index.php?rest_route=\/wp\/v2\/posts\/4380","targetHints":{"allow":["GET"]}}],"collection":[{"href":"https:\/\/www.estadio11.pt\/index.php?rest_route=\/wp\/v2\/posts"}],"about":[{"href":"https:\/\/www.estadio11.pt\/index.php?rest_route=\/wp\/v2\/types\/post"}],"author":[{"embeddable":true,"href":"https:\/\/www.estadio11.pt\/index.php?rest_route=\/wp\/v2\/users\/4"}],"replies":[{"embeddable":true,"href":"https:\/\/www.estadio11.pt\/index.php?rest_route=%2Fwp%2Fv2%2Fcomments&post=4380"}],"version-history":[{"count":5,"href":"https:\/\/www.estadio11.pt\/index.php?rest_route=\/wp\/v2\/posts\/4380\/revisions"}],"predecessor-version":[{"id":4391,"href":"https:\/\/www.estadio11.pt\/index.php?rest_route=\/wp\/v2\/posts\/4380\/revisions\/4391"}],"wp:featuredmedia":[{"embeddable":true,"href":"https:\/\/www.estadio11.pt\/index.php?rest_route=\/wp\/v2\/media\/4383"}],"wp:attachment":[{"href":"https:\/\/www.estadio11.pt\/index.php?rest_route=%2Fwp%2Fv2%2Fmedia&parent=4380"}],"wp:term":[{"taxonomy":"category","embeddable":true,"href":"https:\/\/www.estadio11.pt\/index.php?rest_route=%2Fwp%2Fv2%2Fcategories&post=4380"},{"taxonomy":"post_tag","embeddable":true,"href":"https:\/\/www.estadio11.pt\/index.php?rest_route=%2Fwp%2Fv2%2Ftags&post=4380"}],"curies":[{"name":"wp","href":"https:\/\/api.w.org\/{rel}","templated":true}]}}