{"id":4328,"date":"2025-12-05T19:19:50","date_gmt":"2025-12-05T19:19:50","guid":{"rendered":"https:\/\/www.estadio11.pt\/?p=4328"},"modified":"2025-12-05T19:19:50","modified_gmt":"2025-12-05T19:19:50","slug":"flamengo-e-campeao-brasileiro","status":"publish","type":"post","link":"https:\/\/www.estadio11.pt\/?p=4328","title":{"rendered":"Flamengo \u00e9 campe\u00e3o brasileiro!"},"content":{"rendered":"<table>\n<tbody>\n<tr>\n<td><img decoding=\"async\" id=\"image1\" src=\"https:\/\/www.estadio11.pt\/wp-content\/uploads\/2025\/12\/Staff-Images-CBF-IMG_2524-1024x683.jpg\" \/><\/p>\n<div id=\"caption1\" class=\"caption\">O <strong>Flamengo<\/strong> \u00e9 campe\u00e3o do Brasileir\u00e3o 2025! Depois de vencer a Libertadores, a conquista do campeonato era a pr\u00f3xima comemora\u00e7\u00e3o dos adeptos do Fla e assim foi! Com a recep\u00e7\u00e3o ao Cear\u00e1 a terminar com uma vit\u00f3ria magra de 1 a 0 mas o importante foi os festejos de mais uma conquista. O novo campe\u00e3o brasileiro foi a equipa que mais tempo esteve na lideran\u00e7a e depois de um susto com a ultrapassagem do Palmeiras a poucas jornadas do final, tudo terminou em beleza para o clube do Rio de Janeiro!<br \/>\nFoto CBF<\/div>\n<\/td>\n<\/tr>\n<tr>\n<td><img decoding=\"async\" id=\"image2\" src=\"https:\/\/www.estadio11.pt\/wp-content\/uploads\/2025\/12\/portalterradaluz-golo-Pochettino-Fortaleza-1024x683.jpg\" \/><\/p>\n<div id=\"caption2\" class=\"caption\">O <strong>Fortaleza<\/strong> continua a sua recupera\u00e7\u00e3o fant\u00e1stica e depois de estar 27 jornadas no Z-4, a equipa saiu finalmente da zona de despromo\u00e7\u00e3o! Vit\u00f3ria sobre o Corinthians por 2 a 1 muito festejada pelos adeptos! Na \u00faltima jornada a equipa defrontar\u00e1 o Botafogo no Nilton Santos e at\u00e9 poder\u00e1 perder mas se o Internacional e o Vit\u00f3ria vencerem, nem o empate salva! Por isso para o Fortaleza ainda resta mais uma dura batalha antes de alcan\u00e7ar a manuten\u00e7\u00e3o.<br \/>\nFoto Portal Terra da Luz<\/div>\n<\/td>\n<\/tr>\n<tr>\n<td><img decoding=\"async\" id=\"image3\" src=\"https:\/\/www.estadio11.pt\/wp-content\/uploads\/2025\/12\/sao-paulo-vence-o-internacional-pelo-brasileirao-1-1024x683.jpg\" \/><\/p>\n<div id=\"caption3\" class=\"caption\">O <strong>Internacional<\/strong> continua a complicar a manuten\u00e7\u00e3o na S\u00e9rie A e foi perder ao est\u00e1dio do S\u00e3o Paulo por claros 3 a 0! A situa\u00e7\u00e3o fica agora dif\u00edcil e dependente de terceiros. Precisa de vencer o Bragantino na \u00faltima jornada e esperar por deslizes de pelo menos duas destas equipas: Vit\u00f3ria, Fortaleza, Cear\u00e1 ou Santos. O Vit\u00f3ria recebe o S\u00e3o Paulo, que j\u00e1 tem a sua situa\u00e7\u00e3o definida e por isso vai tranquilo a jogo. O Fortaleza defrontar\u00e1 o Botafogo. O Cear\u00e1 receber\u00e1 um amargurado Palmeiras (perdeu dois t\u00edtulos em uma semana). O Santos receber\u00e1 o Cruzeiro.<\/div>\n<\/td>\n<\/tr>\n<tr>\n<td><img decoding=\"async\" id=\"image4\" src=\"https:\/\/www.estadio11.pt\/wp-content\/uploads\/2025\/12\/Sport_santosfc-Foto-Leo-Piva-819x1024.jpg\" \/><\/p>\n<div id=\"caption4\" class=\"caption\">O <strong>Santos<\/strong> passou a maior parte da temporada com a corda na garganta mas gra\u00e7as aos tr\u00eas golos de Neymar no Alfredo Jaconi, em Caxias do Sul, casa do j\u00e1 despromovido Juventude, o peixe tem tudo a seu favor para alcan\u00e7ar a manuten\u00e7\u00e3o. Receber\u00e1 na \u00faltima jornada o tranquilo Cruzeiro.<br \/>\nFoto Leo Piva \/ Santos FC<\/div>\n<\/td>\n<\/tr>\n<tr>\n<td><img decoding=\"async\" id=\"image5\" src=\"https:\/\/www.estadio11.pt\/wp-content\/uploads\/2025\/12\/ClassifiBrasilJ37.png\" \/><\/p>\n<div id=\"caption5\" class=\"caption\">Classifica\u00e7\u00e3o ap\u00f3s a jornada 37<\/div>\n<\/td>\n<\/tr>\n<p><!-- NOVA LINHA 6 --><\/p>\n<tr>\n<td><img decoding=\"async\" id=\"image6\" src=\"https:\/\/www.estadio11.pt\/wp-content\/uploads\/2025\/12\/ChatGPT-Image-5_12_2025-17_42_29-683x1024.png\" \/><\/p>\n<div id=\"caption6\" class=\"caption\">Jogos da jornada 38<\/div>\n<\/td>\n<\/tr>\n<\/tbody>\n<\/table>\n","protected":false},"excerpt":{"rendered":"<p>Na 37\u00aa jornada o destaque foi para o Flamengo! Campe\u00e3o brasileiro 2025. Nas contas da manuten\u00e7\u00e3o, continua tudo embrulhado mas o Santos, \u00e0 boleia de Neymar, venceu o Juventude e est\u00e1 quase salvo.<\/p>\n","protected":false},"author":1,"featured_media":4332,"comment_status":"open","ping_status":"open","sticky":false,"template":"","format":"standard","meta":{"cybocfi_hide_featured_image":"","footnotes":""},"categories":[16,15,18],"tags":[],"class_list":["post-4328","post","type-post","status-publish","format-standard","has-post-thumbnail","hentry","category-estadio11","category-futebol","category-internacional"],"blocksy_meta":[],"_links":{"self":[{"href":"https:\/\/www.estadio11.pt\/index.php?rest_route=\/wp\/v2\/posts\/4328","targetHints":{"allow":["GET"]}}],"collection":[{"href":"https:\/\/www.estadio11.pt\/index.php?rest_route=\/wp\/v2\/posts"}],"about":[{"href":"https:\/\/www.estadio11.pt\/index.php?rest_route=\/wp\/v2\/types\/post"}],"author":[{"embeddable":true,"href":"https:\/\/www.estadio11.pt\/index.php?rest_route=\/wp\/v2\/users\/1"}],"replies":[{"embeddable":true,"href":"https:\/\/www.estadio11.pt\/index.php?rest_route=%2Fwp%2Fv2%2Fcomments&post=4328"}],"version-history":[{"count":3,"href":"https:\/\/www.estadio11.pt\/index.php?rest_route=\/wp\/v2\/posts\/4328\/revisions"}],"predecessor-version":[{"id":4337,"href":"https:\/\/www.estadio11.pt\/index.php?rest_route=\/wp\/v2\/posts\/4328\/revisions\/4337"}],"wp:featuredmedia":[{"embeddable":true,"href":"https:\/\/www.estadio11.pt\/index.php?rest_route=\/wp\/v2\/media\/4332"}],"wp:attachment":[{"href":"https:\/\/www.estadio11.pt\/index.php?rest_route=%2Fwp%2Fv2%2Fmedia&parent=4328"}],"wp:term":[{"taxonomy":"category","embeddable":true,"href":"https:\/\/www.estadio11.pt\/index.php?rest_route=%2Fwp%2Fv2%2Fcategories&post=4328"},{"taxonomy":"post_tag","embeddable":true,"href":"https:\/\/www.estadio11.pt\/index.php?rest_route=%2Fwp%2Fv2%2Ftags&post=4328"}],"curies":[{"name":"wp","href":"https:\/\/api.w.org\/{rel}","templated":true}]}}