{"id":4287,"date":"2025-11-26T06:00:02","date_gmt":"2025-11-26T06:00:02","guid":{"rendered":"https:\/\/www.estadio11.pt\/?p=4287"},"modified":"2025-11-29T19:27:34","modified_gmt":"2025-11-29T19:27:34","slug":"fotorreportagem-sporting-cp-3-0-ac-marinhense","status":"publish","type":"post","link":"https:\/\/www.estadio11.pt\/?p=4287","title":{"rendered":"Fotorreportagem Sporting CP 3 &#8211; 0 AC Marinhense"},"content":{"rendered":"<table>\n<tbody>\n<tr>\n<td><img loading=\"lazy\" decoding=\"async\" id=\"image1\" src=\"https:\/\/www.estadio11.pt\/wp-content\/uploads\/2025\/11\/MG_7410-1-1024x640.jpg\" alt=\"Fotografia 1\" width=\"500\" height=\"333\" \/><\/p>\n<div id=\"caption1\" class=\"caption\">Foto Jos\u00e9 Germano<\/div>\n<\/td>\n<\/tr>\n<tr>\n<td><img loading=\"lazy\" decoding=\"async\" id=\"image2\" src=\"https:\/\/www.estadio11.pt\/wp-content\/uploads\/2025\/11\/MG_7167-1024x640.jpg\" alt=\"Fotografia 2\" width=\"500\" height=\"333\" \/><\/p>\n<div id=\"caption2\" class=\"caption\">Foto Jos\u00e9 Germano<\/div>\n<\/td>\n<\/tr>\n<tr>\n<td><img loading=\"lazy\" decoding=\"async\" id=\"image3\" src=\"https:\/\/www.estadio11.pt\/wp-content\/uploads\/2025\/11\/MG_7130-1024x640.jpg\" alt=\"Fotografia 3\" width=\"500\" height=\"333\" \/><\/p>\n<div id=\"caption3\" class=\"caption\">Foto Jos\u00e9 Germano<\/div>\n<\/td>\n<\/tr>\n<tr>\n<td><img loading=\"lazy\" decoding=\"async\" id=\"image4\" src=\"https:\/\/www.estadio11.pt\/wp-content\/uploads\/2025\/11\/FichaJogo-1.png\" alt=\"Fotografia 4\" width=\"500\" height=\"333\" \/><\/p>\n<div id=\"caption4\" class=\"caption\">Ficha do jogo<\/div>\n<\/td>\n<\/tr>\n<tr><!-- ADICIONADO --><\/p>\n<td><img loading=\"lazy\" decoding=\"async\" id=\"image5\" src=\"https:\/\/www.estadio11.pt\/wp-content\/uploads\/2025\/11\/JogosTP.png\" alt=\"Fotografia 5\" width=\"500\" height=\"333\" \/><\/p>\n<div id=\"caption5\" class=\"caption\">Resultados da 4\u00aa Eliminat\u00f3ria da Ta\u00e7a de Portugal Generali Tranquilidade 2025\/26<\/div>\n<\/td>\n<\/tr>\n<\/tbody>\n<\/table>\n","protected":false},"excerpt":{"rendered":"<p>Algumas fotografias (Jos\u00e9 Lu\u00eds Germano) do jogo da 4\u00aa Eliminat\u00f3ria da Ta\u00e7a de Portugal entre o Sporting e o Marinhense, com vit\u00f3ria da equipa leonina por 3 a 0.<\/p>\n","protected":false},"author":2,"featured_media":4288,"comment_status":"open","ping_status":"open","sticky":false,"template":"","format":"standard","meta":{"cybocfi_hide_featured_image":"","footnotes":""},"categories":[16,15],"tags":[],"class_list":["post-4287","post","type-post","status-publish","format-standard","has-post-thumbnail","hentry","category-estadio11","category-futebol"],"blocksy_meta":[],"_links":{"self":[{"href":"https:\/\/www.estadio11.pt\/index.php?rest_route=\/wp\/v2\/posts\/4287","targetHints":{"allow":["GET"]}}],"collection":[{"href":"https:\/\/www.estadio11.pt\/index.php?rest_route=\/wp\/v2\/posts"}],"about":[{"href":"https:\/\/www.estadio11.pt\/index.php?rest_route=\/wp\/v2\/types\/post"}],"author":[{"embeddable":true,"href":"https:\/\/www.estadio11.pt\/index.php?rest_route=\/wp\/v2\/users\/2"}],"replies":[{"embeddable":true,"href":"https:\/\/www.estadio11.pt\/index.php?rest_route=%2Fwp%2Fv2%2Fcomments&post=4287"}],"version-history":[{"count":6,"href":"https:\/\/www.estadio11.pt\/index.php?rest_route=\/wp\/v2\/posts\/4287\/revisions"}],"predecessor-version":[{"id":4299,"href":"https:\/\/www.estadio11.pt\/index.php?rest_route=\/wp\/v2\/posts\/4287\/revisions\/4299"}],"wp:featuredmedia":[{"embeddable":true,"href":"https:\/\/www.estadio11.pt\/index.php?rest_route=\/wp\/v2\/media\/4288"}],"wp:attachment":[{"href":"https:\/\/www.estadio11.pt\/index.php?rest_route=%2Fwp%2Fv2%2Fmedia&parent=4287"}],"wp:term":[{"taxonomy":"category","embeddable":true,"href":"https:\/\/www.estadio11.pt\/index.php?rest_route=%2Fwp%2Fv2%2Fcategories&post=4287"},{"taxonomy":"post_tag","embeddable":true,"href":"https:\/\/www.estadio11.pt\/index.php?rest_route=%2Fwp%2Fv2%2Ftags&post=4287"}],"curies":[{"name":"wp","href":"https:\/\/api.w.org\/{rel}","templated":true}]}}