{"id":4219,"date":"2025-11-12T02:25:52","date_gmt":"2025-11-12T02:25:52","guid":{"rendered":"https:\/\/www.estadio11.pt\/?p=4219"},"modified":"2025-11-11T14:51:27","modified_gmt":"2025-11-11T14:51:27","slug":"fotorreportagem-sl-benfica-0-1-bayer-leverkusen","status":"publish","type":"post","link":"https:\/\/www.estadio11.pt\/?p=4219","title":{"rendered":"Fotorreportagem SL Benfica 0 &#8211; 1 Bayer Leverkusen"},"content":{"rendered":"<table>\n<tbody>\n<tr>\n<td><img loading=\"lazy\" decoding=\"async\" id=\"image1\" src=\"https:\/\/www.estadio11.pt\/wp-content\/uploads\/2025\/11\/IMG_8265-1024x683.jpg\" alt=\"Fotografia 1\" width=\"500\" height=\"333\" \/><\/p>\n<div id=\"caption1\" class=\"caption\">O Benfica recebeu o Bayer Leverkusen com a obriga\u00e7\u00e3o de somar 3 pontos ou tornar a qualifica\u00e7\u00e3o para a pr\u00f3xima fase numa miss\u00e3o muito dif\u00edcil.<br \/>\nFoto Daniela Duarte<\/div>\n<\/td>\n<\/tr>\n<tr>\n<td><img loading=\"lazy\" decoding=\"async\" id=\"image2\" src=\"https:\/\/www.estadio11.pt\/wp-content\/uploads\/2025\/11\/IMG_8268-1024x683.jpg\" alt=\"Fotografia 2\" width=\"500\" height=\"333\" \/><\/p>\n<div id=\"caption2\" class=\"caption\">Os alem\u00e3es n\u00e3o estavam t\u00e3o desesperados por pontos, mas s\u00f3 tinham amealhado 2 em 9 poss\u00edveis. Conquistar pontos na Luz era importante e acima de tudo apagar a imagem da terceira jornada em que foram derrotados por 2 &#8211; 7 pelo Paris SG<br \/>\nFoto Daniela Duarte<\/div>\n<\/td>\n<\/tr>\n<tr>\n<td><img loading=\"lazy\" decoding=\"async\" id=\"image3\" src=\"https:\/\/www.estadio11.pt\/wp-content\/uploads\/2025\/11\/IMG_8269-1024x683.jpg\" alt=\"Fotografia 3\" width=\"500\" height=\"333\" \/><\/p>\n<div id=\"caption3\" class=\"caption\">Apesar de v\u00e1rias oportunidades perdidas e inclusive duas bolas a bater nos ferros da baliza de Mark Flekken, seria o Bayer a marcar e a gelar a Luz, por Patrik Schick aos 64 minutos.<br \/>\nFoto Daniela Duarte<\/div>\n<\/td>\n<\/tr>\n<tr>\n<td><img loading=\"lazy\" decoding=\"async\" id=\"image4\" src=\"https:\/\/www.estadio11.pt\/wp-content\/uploads\/2025\/11\/IMG_8270-1024x683.jpg\" alt=\"Fotografia 4\" width=\"500\" height=\"333\" \/><\/p>\n<div id=\"caption4\" class=\"caption\">Com esta derrota, a equipa de Jos\u00e9 Mourinho fica com a vida muito complicada para alcan\u00e7ar a pr\u00f3xima fase. Pr\u00f3ximo jogo ser\u00e1 no est\u00e1dio do Ajax, curiosamente a outra equipa com zero pontos, em 36 clubes.<br \/>\nFoto Daniela Duarte<\/div>\n<\/td>\n<\/tr>\n<tr><!-- ADICIONADO --><\/p>\n<td><img loading=\"lazy\" decoding=\"async\" id=\"image5\" src=\"https:\/\/www.estadio11.pt\/wp-content\/uploads\/2025\/11\/Ficha-3.png\" alt=\"Fotografia 5\" width=\"500\" height=\"333\" \/><\/p>\n<div id=\"caption5\" class=\"caption\">Ficha do jogo<\/div>\n<\/td>\n<\/tr>\n<\/tbody>\n<\/table>\n","protected":false},"excerpt":{"rendered":"<p>Algumas fotografias (Daniela Duarte) do jogo da 4\u00aa jornada da Liga dos Campe\u00f5es entre o Benfica e o Bayer Leverkusen, com vit\u00f3ria germ\u00e2nica por 1 a 0, golo de Schick.<\/p>\n","protected":false},"author":3,"featured_media":4222,"comment_status":"open","ping_status":"open","sticky":false,"template":"","format":"standard","meta":{"cybocfi_hide_featured_image":"","footnotes":""},"categories":[16,15,18],"tags":[],"class_list":["post-4219","post","type-post","status-publish","format-standard","has-post-thumbnail","hentry","category-estadio11","category-futebol","category-internacional"],"blocksy_meta":[],"_links":{"self":[{"href":"https:\/\/www.estadio11.pt\/index.php?rest_route=\/wp\/v2\/posts\/4219","targetHints":{"allow":["GET"]}}],"collection":[{"href":"https:\/\/www.estadio11.pt\/index.php?rest_route=\/wp\/v2\/posts"}],"about":[{"href":"https:\/\/www.estadio11.pt\/index.php?rest_route=\/wp\/v2\/types\/post"}],"author":[{"embeddable":true,"href":"https:\/\/www.estadio11.pt\/index.php?rest_route=\/wp\/v2\/users\/3"}],"replies":[{"embeddable":true,"href":"https:\/\/www.estadio11.pt\/index.php?rest_route=%2Fwp%2Fv2%2Fcomments&post=4219"}],"version-history":[{"count":3,"href":"https:\/\/www.estadio11.pt\/index.php?rest_route=\/wp\/v2\/posts\/4219\/revisions"}],"predecessor-version":[{"id":4227,"href":"https:\/\/www.estadio11.pt\/index.php?rest_route=\/wp\/v2\/posts\/4219\/revisions\/4227"}],"wp:featuredmedia":[{"embeddable":true,"href":"https:\/\/www.estadio11.pt\/index.php?rest_route=\/wp\/v2\/media\/4222"}],"wp:attachment":[{"href":"https:\/\/www.estadio11.pt\/index.php?rest_route=%2Fwp%2Fv2%2Fmedia&parent=4219"}],"wp:term":[{"taxonomy":"category","embeddable":true,"href":"https:\/\/www.estadio11.pt\/index.php?rest_route=%2Fwp%2Fv2%2Fcategories&post=4219"},{"taxonomy":"post_tag","embeddable":true,"href":"https:\/\/www.estadio11.pt\/index.php?rest_route=%2Fwp%2Fv2%2Ftags&post=4219"}],"curies":[{"name":"wp","href":"https:\/\/api.w.org\/{rel}","templated":true}]}}