{"id":4177,"date":"2025-11-05T04:00:58","date_gmt":"2025-11-05T04:00:58","guid":{"rendered":"https:\/\/www.estadio11.pt\/?p=4177"},"modified":"2025-11-02T16:55:17","modified_gmt":"2025-11-02T16:55:17","slug":"fotorreportagem-sl-benfica-3-0-cd-tondela-2","status":"publish","type":"post","link":"https:\/\/www.estadio11.pt\/?p=4177","title":{"rendered":"Fotorreportagem SL Benfica 3 \u2013 0 CD Tondela"},"content":{"rendered":"<table class=\" aligncenter\">\n<tbody>\n<tr>\n<td><img loading=\"lazy\" decoding=\"async\" id=\"image1\" src=\"https:\/\/www.estadio11.pt\/wp-content\/uploads\/2025\/11\/MG_5183-1024x640.jpg\" alt=\"Fotografia 1\" width=\"500\" height=\"333\" \/><\/p>\n<div id=\"caption1\" class=\"caption\">O Benfica garantiu o apuramento para a \u201cfinal four\u201d da Ta\u00e7a da Liga, depois de vencer o Tondela por 3 a 0.<br \/>\nNicol\u00e1s Otamendi (na foto) inaugurou o marcador aos 41&#8242;, de grande penalidade.<br \/>\nFoto Jos\u00e9 Germano<\/div>\n<\/td>\n<\/tr>\n<tr>\n<td><img loading=\"lazy\" decoding=\"async\" id=\"image2\" src=\"https:\/\/www.estadio11.pt\/wp-content\/uploads\/2025\/11\/MG_5221-1024x640.jpg\" alt=\"Fotografia 2\" width=\"500\" height=\"333\" \/><\/p>\n<div id=\"caption2\" class=\"caption\">Lukebakio (na foto) marcou o segundo golo do Benfica aos 82&#8242; e s\u00f3 nessa altura os adeptos encarnados suspiraram de alivio.<br \/>\nFoto Jos\u00e9 Germano<\/div>\n<\/td>\n<\/tr>\n<tr>\n<td><img loading=\"lazy\" decoding=\"async\" id=\"image3\" src=\"https:\/\/www.estadio11.pt\/wp-content\/uploads\/2025\/11\/MG_5348-1024x640.jpg\" alt=\"Fotografia 3\" width=\"500\" height=\"333\" \/><\/p>\n<div id=\"caption3\" class=\"caption\">O terceiro foi marcado por Pavlidis, nos descontos.<br \/>\nO Benfica ir\u00e1 defrontar nas meias finais o Braga, que derrotou o Santa Clara por claros 5 a 0.<br \/>\nFoto Jos\u00e9 Germano<\/div>\n<\/td>\n<\/tr>\n<tr>\n<td><img loading=\"lazy\" decoding=\"async\" id=\"image4\" src=\"https:\/\/www.estadio11.pt\/wp-content\/uploads\/2025\/11\/Ficha.png\" alt=\"Fotografia 4\" width=\"500\" height=\"333\" \/><\/p>\n<div id=\"caption4\" class=\"caption\">Ficha do jogo<\/div>\n<\/td>\n<\/tr>\n<tr><!-- ADICIONADO --><\/p>\n<td><img loading=\"lazy\" decoding=\"async\" id=\"image5\" src=\"https:\/\/www.estadio11.pt\/wp-content\/uploads\/2025\/11\/TacaLigaQuartos.png\" alt=\"Fotografia 5\" width=\"500\" height=\"333\" \/><\/p>\n<div id=\"caption5\" class=\"caption\">Apenas o Porto vs Vit\u00f3ria SC ficou por disputar (ir\u00e1 ser realizado no dia 4 de Dezembro), com os restantes jogos dos quartos de final a serem disputados e os favoritos passaram todos \u00e0 \u201cfinal four\u201d.<\/div>\n<\/td>\n<\/tr>\n<\/tbody>\n<\/table>\n","protected":false},"excerpt":{"rendered":"<p>Algumas fotografias (Jos\u00e9 Lu\u00eds Germano) do jogo Benfica e Tondela, para os quartos de final da Ta\u00e7a da Liga. O Benfica venceu por 3 a 0 e segue para a \u201cfinal four\u201d.<\/p>\n","protected":false},"author":2,"featured_media":4180,"comment_status":"open","ping_status":"open","sticky":false,"template":"","format":"standard","meta":{"cybocfi_hide_featured_image":"","footnotes":""},"categories":[16,15],"tags":[],"class_list":["post-4177","post","type-post","status-publish","format-standard","has-post-thumbnail","hentry","category-estadio11","category-futebol"],"blocksy_meta":[],"_links":{"self":[{"href":"https:\/\/www.estadio11.pt\/index.php?rest_route=\/wp\/v2\/posts\/4177","targetHints":{"allow":["GET"]}}],"collection":[{"href":"https:\/\/www.estadio11.pt\/index.php?rest_route=\/wp\/v2\/posts"}],"about":[{"href":"https:\/\/www.estadio11.pt\/index.php?rest_route=\/wp\/v2\/types\/post"}],"author":[{"embeddable":true,"href":"https:\/\/www.estadio11.pt\/index.php?rest_route=\/wp\/v2\/users\/2"}],"replies":[{"embeddable":true,"href":"https:\/\/www.estadio11.pt\/index.php?rest_route=%2Fwp%2Fv2%2Fcomments&post=4177"}],"version-history":[{"count":4,"href":"https:\/\/www.estadio11.pt\/index.php?rest_route=\/wp\/v2\/posts\/4177\/revisions"}],"predecessor-version":[{"id":4186,"href":"https:\/\/www.estadio11.pt\/index.php?rest_route=\/wp\/v2\/posts\/4177\/revisions\/4186"}],"wp:featuredmedia":[{"embeddable":true,"href":"https:\/\/www.estadio11.pt\/index.php?rest_route=\/wp\/v2\/media\/4180"}],"wp:attachment":[{"href":"https:\/\/www.estadio11.pt\/index.php?rest_route=%2Fwp%2Fv2%2Fmedia&parent=4177"}],"wp:term":[{"taxonomy":"category","embeddable":true,"href":"https:\/\/www.estadio11.pt\/index.php?rest_route=%2Fwp%2Fv2%2Fcategories&post=4177"},{"taxonomy":"post_tag","embeddable":true,"href":"https:\/\/www.estadio11.pt\/index.php?rest_route=%2Fwp%2Fv2%2Ftags&post=4177"}],"curies":[{"name":"wp","href":"https:\/\/api.w.org\/{rel}","templated":true}]}}