{"id":4166,"date":"2025-10-29T17:11:32","date_gmt":"2025-10-29T17:11:32","guid":{"rendered":"https:\/\/www.estadio11.pt\/?p=4166"},"modified":"2025-10-29T17:16:43","modified_gmt":"2025-10-29T17:16:43","slug":"fotorreportagem-sl-benfica-5-0-fc-arouca","status":"publish","type":"post","link":"https:\/\/www.estadio11.pt\/?p=4166","title":{"rendered":"Fotorreportagem SL Benfica 5 &#8211; 0 FC Arouca"},"content":{"rendered":"<table>\n<tbody>\n<tr>\n<td><img loading=\"lazy\" decoding=\"async\" id=\"image1\" src=\"https:\/\/www.estadio11.pt\/wp-content\/uploads\/2025\/10\/MG_4146-1024x640.jpg\" alt=\"Fotografia 1\" width=\"500\" height=\"333\" \/><\/p>\n<div id=\"caption1\" class=\"caption\">O Benfica recebeu e venceu o Arouca por claros 5 a 0, num dia marcado pelas elei\u00e7\u00f5es encarnadas. Pavlidis fez um hat-trick, com os dois primeiros a serem apontados da marca dos 11 metros. Prestianni (na foto) voltou do Campeonato do Mundo Sub20 e fez uma boa exibi\u00e7\u00e3o.<br \/>\nFoto Jos\u00e9 Germano<\/div>\n<\/td>\n<\/tr>\n<tr>\n<td><img loading=\"lazy\" decoding=\"async\" id=\"image2\" src=\"https:\/\/www.estadio11.pt\/wp-content\/uploads\/2025\/10\/MG_4163-1024x640.jpg\" alt=\"Fotografia 2\" width=\"500\" height=\"333\" \/><\/p>\n<div id=\"caption2\" class=\"caption\">Pavlidis (na foto) chegou aos 8 golos e lidera a lita dos melhores marcadores.<br \/>\nFoto Jos\u00e9 Germano<\/div>\n<\/td>\n<\/tr>\n<tr>\n<td><img loading=\"lazy\" decoding=\"async\" id=\"image3\" src=\"https:\/\/www.estadio11.pt\/wp-content\/uploads\/2025\/10\/MG_4319-1024x640.jpg\" alt=\"Fotografia 3\" width=\"500\" height=\"333\" \/><\/p>\n<div id=\"caption3\" class=\"caption\">Otamendi marcou o terceiro golo do Benfica e festejou efusivamente junto com os adeptos.<br \/>\nFoto Jos\u00e9 Germano<\/div>\n<\/td>\n<\/tr>\n<tr>\n<td><img loading=\"lazy\" decoding=\"async\" id=\"image4\" src=\"https:\/\/www.estadio11.pt\/wp-content\/uploads\/2025\/10\/FichaJogo.png\" alt=\"Fotografia 4\" width=\"500\" height=\"333\" \/><\/p>\n<div id=\"caption4\" class=\"caption\">Ficha do jogo<\/div>\n<\/td>\n<\/tr>\n<tr><!-- ADICIONADO --><\/p>\n<td><img loading=\"lazy\" decoding=\"async\" id=\"image5\" src=\"https:\/\/www.estadio11.pt\/wp-content\/uploads\/2025\/10\/ClassificJ09.png\" alt=\"Fotografia 5\" width=\"500\" height=\"333\" \/><\/p>\n<div id=\"caption5\" class=\"caption\">Conclu\u00edda a Jornada 9, o Porto lidera com 25 pontos, seguido de perto pelo Sporting. O Benfica continua a 4 pontos da lideran\u00e7a. O Gil Vicente continua a surpreender e ocupa a quarta posi\u00e7\u00e3o. Na outra extremidade da tabela, o AFS continua a n\u00e3o conseguir provar que merece estar na I Divis\u00e3o.<\/div>\n<\/td>\n<\/tr>\n<\/tbody>\n<\/table>\n","protected":false},"excerpt":{"rendered":"<p>Algumas fotografias (Jos\u00e9 Lu\u00eds Germano) do jogo da 9\u00aa jornada entre o Benfica e o Arouca, com vit\u00f3ria clara do Benfica por 5 a 0. Pavlidis foi o homem do jogo com tr\u00eas golos.<\/p>\n","protected":false},"author":2,"featured_media":4170,"comment_status":"open","ping_status":"open","sticky":false,"template":"","format":"standard","meta":{"cybocfi_hide_featured_image":"","footnotes":""},"categories":[16,15],"tags":[],"class_list":["post-4166","post","type-post","status-publish","format-standard","has-post-thumbnail","hentry","category-estadio11","category-futebol"],"blocksy_meta":[],"_links":{"self":[{"href":"https:\/\/www.estadio11.pt\/index.php?rest_route=\/wp\/v2\/posts\/4166","targetHints":{"allow":["GET"]}}],"collection":[{"href":"https:\/\/www.estadio11.pt\/index.php?rest_route=\/wp\/v2\/posts"}],"about":[{"href":"https:\/\/www.estadio11.pt\/index.php?rest_route=\/wp\/v2\/types\/post"}],"author":[{"embeddable":true,"href":"https:\/\/www.estadio11.pt\/index.php?rest_route=\/wp\/v2\/users\/2"}],"replies":[{"embeddable":true,"href":"https:\/\/www.estadio11.pt\/index.php?rest_route=%2Fwp%2Fv2%2Fcomments&post=4166"}],"version-history":[{"count":5,"href":"https:\/\/www.estadio11.pt\/index.php?rest_route=\/wp\/v2\/posts\/4166\/revisions"}],"predecessor-version":[{"id":4176,"href":"https:\/\/www.estadio11.pt\/index.php?rest_route=\/wp\/v2\/posts\/4166\/revisions\/4176"}],"wp:featuredmedia":[{"embeddable":true,"href":"https:\/\/www.estadio11.pt\/index.php?rest_route=\/wp\/v2\/media\/4170"}],"wp:attachment":[{"href":"https:\/\/www.estadio11.pt\/index.php?rest_route=%2Fwp%2Fv2%2Fmedia&parent=4166"}],"wp:term":[{"taxonomy":"category","embeddable":true,"href":"https:\/\/www.estadio11.pt\/index.php?rest_route=%2Fwp%2Fv2%2Fcategories&post=4166"},{"taxonomy":"post_tag","embeddable":true,"href":"https:\/\/www.estadio11.pt\/index.php?rest_route=%2Fwp%2Fv2%2Ftags&post=4166"}],"curies":[{"name":"wp","href":"https:\/\/api.w.org\/{rel}","templated":true}]}}