{"id":4138,"date":"2025-10-22T06:00:41","date_gmt":"2025-10-22T06:00:41","guid":{"rendered":"https:\/\/www.estadio11.pt\/?p=4138"},"modified":"2025-10-23T12:47:19","modified_gmt":"2025-10-23T12:47:19","slug":"fotorreportagem-bayer-leverkusen-2-7-paris-sg","status":"publish","type":"post","link":"https:\/\/www.estadio11.pt\/?p=4138","title":{"rendered":"Fotorreportagem Bayer Leverkusen 2 \u2013 7 Paris SG"},"content":{"rendered":"<table class=\" aligncenter\">\n<tbody>\n<tr>\n<td><img loading=\"lazy\" decoding=\"async\" id=\"image1\" src=\"https:\/\/www.estadio11.pt\/wp-content\/uploads\/2025\/10\/Bayer-04-Leverkusen-v-Paris-Saint-Germain-UEFA-Champions-League-202526-League-Phase-MD3-4-1024x699.jpg\" alt=\"Fotografia 1\" width=\"500\" height=\"333\" \/><\/p>\n<div id=\"caption1\" class=\"caption\">Mais uma demonstra\u00e7\u00e3o de classe do campe\u00e3o europeu, desta vez na Alemanha, no est\u00e1dio do Bayer Leverkusen, uma das equipas mais dif\u00edceis de derrotar, e os franceses fizeram com uma autoridade que nem deixa espa\u00e7o a argumentar. Na foto vemos Vitinha (Paris SG) a passar a bola, mesmo com a press\u00e3o de Echeverri (Bayer Leverkusen) &#8211; Foto Teresa Kr\u00f6ger &#8211; UEFA\/UEFA via Getty Images<\/div>\n<\/td>\n<\/tr>\n<tr>\n<td><img loading=\"lazy\" decoding=\"async\" id=\"image2\" src=\"https:\/\/www.estadio11.pt\/wp-content\/uploads\/2025\/10\/Bayer-04-Leverkusen-v-Paris-Saint-Germain-UEFA-Champions-League-202526-League-Phase-MD3-4-1-1024x683.jpg\" alt=\"Fotografia 2\" width=\"500\" height=\"333\" \/><\/p>\n<div id=\"caption2\" class=\"caption\">Ernest Poku (Bayer Leverkusen) controla a bola &#8211; Teresa Kr\u00f6ger &#8211; UEFA\/UEFA via Getty Images<\/div>\n<\/td>\n<\/tr>\n<tr>\n<td><img loading=\"lazy\" decoding=\"async\" id=\"image3\" src=\"https:\/\/www.estadio11.pt\/wp-content\/uploads\/2025\/10\/Bayer-04-Leverkusen-v-Paris-Saint-Germain-UEFA-Champions-League-202526-League-Phase-MD3-6-1024x683.jpg\" alt=\"Fotografia 3\" width=\"500\" height=\"333\" \/><\/p>\n<div id=\"caption3\" class=\"caption\">Ousmane Dembele (Paris SG) regressou aos relvados depois de vencer a bola de ouro, e festejou um golo ap\u00f3s 3 minutos em campo &#8211; Foto Teresa Kr\u00f6ger &#8211; UEFA\/UEFA via Getty Images<\/div>\n<\/td>\n<\/tr>\n<tr>\n<td><img loading=\"lazy\" decoding=\"async\" id=\"image4\" src=\"https:\/\/www.estadio11.pt\/wp-content\/uploads\/2025\/10\/BAYER_PSG_FICHA.png\" alt=\"Fotografia 4\" width=\"500\" height=\"333\" \/><\/p>\n<div id=\"caption4\" class=\"caption\">Ficha do Jogo<\/div>\n<\/td>\n<\/tr>\n<tr><!-- ADICIONADO --><\/p>\n<td><img loading=\"lazy\" decoding=\"async\" id=\"image5\" src=\"https:\/\/www.estadio11.pt\/wp-content\/uploads\/2025\/10\/ClassificacaoCL-031.png\" alt=\"Fotografia 5\" width=\"500\" height=\"333\" \/><\/p>\n<div id=\"caption5\" class=\"caption\">O campe\u00e3o europeu continua a passear classe, e depois de vencer na jornada anterior o Barcelona em Espanha, goleou o Bayer Leverkusen e chegou \u00e0 lideran\u00e7a da fase regular.<\/div>\n<\/td>\n<\/tr>\n<\/tbody>\n<\/table>\n","protected":false},"excerpt":{"rendered":"<p>Algumas fotografias da goleada imposta pelo campe\u00e3o europeu ao Bayer Leverkusen. E o regresso de Ousmane Dembele depois de vencer a bola de ouro.<\/p>\n","protected":false},"author":1,"featured_media":4142,"comment_status":"open","ping_status":"open","sticky":false,"template":"","format":"standard","meta":{"cybocfi_hide_featured_image":"","footnotes":""},"categories":[16,15,18],"tags":[],"class_list":["post-4138","post","type-post","status-publish","format-standard","has-post-thumbnail","hentry","category-estadio11","category-futebol","category-internacional"],"blocksy_meta":[],"_links":{"self":[{"href":"https:\/\/www.estadio11.pt\/index.php?rest_route=\/wp\/v2\/posts\/4138","targetHints":{"allow":["GET"]}}],"collection":[{"href":"https:\/\/www.estadio11.pt\/index.php?rest_route=\/wp\/v2\/posts"}],"about":[{"href":"https:\/\/www.estadio11.pt\/index.php?rest_route=\/wp\/v2\/types\/post"}],"author":[{"embeddable":true,"href":"https:\/\/www.estadio11.pt\/index.php?rest_route=\/wp\/v2\/users\/1"}],"replies":[{"embeddable":true,"href":"https:\/\/www.estadio11.pt\/index.php?rest_route=%2Fwp%2Fv2%2Fcomments&post=4138"}],"version-history":[{"count":3,"href":"https:\/\/www.estadio11.pt\/index.php?rest_route=\/wp\/v2\/posts\/4138\/revisions"}],"predecessor-version":[{"id":4147,"href":"https:\/\/www.estadio11.pt\/index.php?rest_route=\/wp\/v2\/posts\/4138\/revisions\/4147"}],"wp:featuredmedia":[{"embeddable":true,"href":"https:\/\/www.estadio11.pt\/index.php?rest_route=\/wp\/v2\/media\/4142"}],"wp:attachment":[{"href":"https:\/\/www.estadio11.pt\/index.php?rest_route=%2Fwp%2Fv2%2Fmedia&parent=4138"}],"wp:term":[{"taxonomy":"category","embeddable":true,"href":"https:\/\/www.estadio11.pt\/index.php?rest_route=%2Fwp%2Fv2%2Fcategories&post=4138"},{"taxonomy":"post_tag","embeddable":true,"href":"https:\/\/www.estadio11.pt\/index.php?rest_route=%2Fwp%2Fv2%2Ftags&post=4138"}],"curies":[{"name":"wp","href":"https:\/\/api.w.org\/{rel}","templated":true}]}}