{"id":3617,"date":"2025-07-09T00:02:12","date_gmt":"2025-07-09T00:02:12","guid":{"rendered":"https:\/\/www.estadio11.pt\/?p=3617"},"modified":"2025-07-08T23:01:31","modified_gmt":"2025-07-08T23:01:31","slug":"yamal-raphinha-e-companhia-nao-deram-hipoteses-em-espanha","status":"publish","type":"post","link":"https:\/\/www.estadio11.pt\/?p=3617","title":{"rendered":"Yamal, Raphinha e companhia n\u00e3o deram hip\u00f3teses em Espanha"},"content":{"rendered":"<table class=\" aligncenter\">\n<tbody>\n<tr>\n<td><img loading=\"lazy\" decoding=\"async\" id=\"image1\" src=\"https:\/\/www.estadio11.pt\/wp-content\/uploads\/2025\/07\/FC-Barcelona-v-Atalanta-BC-UEFA-Champions-League-202425-League-Phase-MD8-6-300x229.jpg\" alt=\"Fotografia 1\" width=\"500\" height=\"333\" \/><\/p>\n<div id=\"caption1\" class=\"caption\"><strong>Lamine Yamal (18 golos) e Raphinha (34 golos) foram os maiores protagonistas<\/strong> da fant\u00e1stica temporada do Barcelona. Lewandowski voltou a ser importante com os seus 42 golos durante a temporada, assim como Kound\u00e9 e Pau Cubars\u00ed que mostraram ser excelentes defesas. <strong>Wojciech Szczesny saiu da reforma para ser campe\u00e3o e com grandes defesas pelo meio<\/strong>. Dani Olmo foi fundamental no ataque e com a liga\u00e7\u00e3o que criou com Yamal. E claro Pedri Gonz\u00e1lez, o motor do meio campo catal\u00e3o. Foto Alex Pantling &#8211; UEFA\/UEFA via Getty Images<\/div>\n<\/td>\n<\/tr>\n<tr>\n<td><img loading=\"lazy\" decoding=\"async\" id=\"image2\" src=\"https:\/\/www.estadio11.pt\/wp-content\/uploads\/2025\/07\/Raphinha-visto-celebrando-apos-marcar-gol-durante-o-jogo-da-Liga-dos-Campeoes-da-UEFA-entre-equipes-do-FC-Barcelona-e-Internazionale-Milano-Maciej-Rogowski-Photo-300x200.jpg\" alt=\"Fotografia 2\" width=\"500\" height=\"333\" \/><\/p>\n<div id=\"caption2\" class=\"caption\"><strong>O Barcelona jogou um futebol de ataque e ficam na mem\u00f3ria as goleadas ao Real Madrid<\/strong>, ou o jogo da Jornada 35 em que o grande rival de Madrid vencia por 0-2 aos 14 minutos e antes do intervalo j\u00e1 perdia por 4 a 2. Ou a desloca\u00e7\u00e3o ao Metropolitano, com o Atl\u00e9tico a vencer por 2 a 0 aos 70&#8242; e a sofrer uma virada de 2 a 4! Na Europa ganhou 4 a 1 ao Bayern Munique, <strong>recuperou de uma diferen\u00e7a de 4 a 2 no Est\u00e1dio da Luz para vencer por 4 a 5<\/strong>, e claro a memor\u00e1vel eliminat\u00f3ria com o Inter nas meias finais da Liga dos Campe\u00f5es que terminou 7 a 6 no total dos dois jogos, com vantagem para a equipa de Mil\u00e3o. Foto Maciej Rogowski &#8211; Shutterstock<\/div>\n<\/td>\n<\/tr>\n<tr>\n<td><img loading=\"lazy\" decoding=\"async\" id=\"image3\" src=\"https:\/\/www.estadio11.pt\/wp-content\/uploads\/2025\/07\/FC-Barcelona-v-FC-Internazionale-Milano-UEFA-Champions-League-202425-Semi-Final-First-Leg-7-1-300x197.jpg\" alt=\"Fotografia 3\" width=\"500\" height=\"333\" \/><\/p>\n<div id=\"caption3\" class=\"caption\">A eliminat\u00f3ria com o Inter nas meias finais da Liga dos Campe\u00f5es ficou de certeza na cabe\u00e7a dos jogadores e dos adeptos do Barcelona, <strong>porque a equipa foi superior, teve mais oportunidades mas o risco de jogar sempre ao ataque contra uma equipa experiente como o Inter foi caro<\/strong>. Os italianos souberam sofrer e marcar sempre que tiveram oportunidades na grande \u00e1rea catal\u00e3. Mesmo em Mil\u00e3o, com o jogo a caminhar para o final, <strong>e depois de uma remontada de 2-0 para 2-3, Yamal teve a oportunidade de matar a eliminat\u00f3ria nos \u00faltimos minutos<\/strong>, mas o remate foi ao poste. E como quem n\u00e3o marca&#8230; sofre! Acerbi marcou mesmo nos \u00faltimos segundos e levou o jogo para prolongamento e o resto j\u00e1 se sabe, Frattesi marcou aos 99 minutos e o Barcelona falhava a final de Munique. Foto Michael Regan &#8211; UEFA\/UEFA via Getty Images<\/div>\n<\/td>\n<\/tr>\n<tr>\n<td><img loading=\"lazy\" decoding=\"async\" id=\"image4\" src=\"https:\/\/www.estadio11.pt\/wp-content\/uploads\/2025\/07\/FC-Barcelona-and-Real-Madrid-CF-at-the-Estadi-Olimpic-Lluis-Companys-Christian-Bertrand-Shutterstock-300x200.jpg\" alt=\"Fotografia 4\" width=\"500\" height=\"333\" \/><\/p>\n<div id=\"caption4\" class=\"caption\">O Estadi Ol\u00edmpic Llu\u00eds Companys, em Barcelona, foi constru\u00eddo em 1927 para a Exposi\u00e7\u00e3o Internacional e reformado para os Jogos Ol\u00edmpicos de 1992. Atualmente o Barcelona usa-o temporariamente <strong>enquanto o Camp Nou passa por uma gigantesca reforma que o transformar\u00e1 num dos melhores est\u00e1dios da Europa<\/strong>. Com capacidade para 54.000 espectadores, foi o palco da festa de campe\u00e3o do FC Barcelona. Foto Christian Bertrand &#8211; Shutterstock<\/div>\n<\/td>\n<\/tr>\n<\/tbody>\n<\/table>\n","protected":false},"excerpt":{"rendered":"<p>O Barcelona apostou num futebol de ataque, sempre no risco da defesa muito subida e a permitir aos advers\u00e1rios a ilus\u00e3o que podiam correr isolados para a baliza. O que resultou em grandes espet\u00e1culos em Espanha e na Europa. O \u00fanico percal\u00e7o foi a elimina\u00e7\u00e3o nas meias finais da Liga dos Campe\u00f5es.<\/p>\n","protected":false},"author":1,"featured_media":3621,"comment_status":"open","ping_status":"open","sticky":false,"template":"","format":"standard","meta":{"cybocfi_hide_featured_image":"","footnotes":""},"categories":[16,15,18],"tags":[56],"class_list":["post-3617","post","type-post","status-publish","format-standard","has-post-thumbnail","hentry","category-estadio11","category-futebol","category-internacional","tag-barcelona"],"blocksy_meta":[],"_links":{"self":[{"href":"https:\/\/www.estadio11.pt\/index.php?rest_route=\/wp\/v2\/posts\/3617","targetHints":{"allow":["GET"]}}],"collection":[{"href":"https:\/\/www.estadio11.pt\/index.php?rest_route=\/wp\/v2\/posts"}],"about":[{"href":"https:\/\/www.estadio11.pt\/index.php?rest_route=\/wp\/v2\/types\/post"}],"author":[{"embeddable":true,"href":"https:\/\/www.estadio11.pt\/index.php?rest_route=\/wp\/v2\/users\/1"}],"replies":[{"embeddable":true,"href":"https:\/\/www.estadio11.pt\/index.php?rest_route=%2Fwp%2Fv2%2Fcomments&post=3617"}],"version-history":[{"count":2,"href":"https:\/\/www.estadio11.pt\/index.php?rest_route=\/wp\/v2\/posts\/3617\/revisions"}],"predecessor-version":[{"id":3623,"href":"https:\/\/www.estadio11.pt\/index.php?rest_route=\/wp\/v2\/posts\/3617\/revisions\/3623"}],"wp:featuredmedia":[{"embeddable":true,"href":"https:\/\/www.estadio11.pt\/index.php?rest_route=\/wp\/v2\/media\/3621"}],"wp:attachment":[{"href":"https:\/\/www.estadio11.pt\/index.php?rest_route=%2Fwp%2Fv2%2Fmedia&parent=3617"}],"wp:term":[{"taxonomy":"category","embeddable":true,"href":"https:\/\/www.estadio11.pt\/index.php?rest_route=%2Fwp%2Fv2%2Fcategories&post=3617"},{"taxonomy":"post_tag","embeddable":true,"href":"https:\/\/www.estadio11.pt\/index.php?rest_route=%2Fwp%2Fv2%2Ftags&post=3617"}],"curies":[{"name":"wp","href":"https:\/\/api.w.org\/{rel}","templated":true}]}}