{"id":3604,"date":"2025-07-02T08:00:23","date_gmt":"2025-07-02T08:00:23","guid":{"rendered":"https:\/\/www.estadio11.pt\/?p=3604"},"modified":"2025-07-02T12:02:21","modified_gmt":"2025-07-02T12:02:21","slug":"3604","status":"publish","type":"post","link":"https:\/\/www.estadio11.pt\/?p=3604","title":{"rendered":"O Paris SG finalmente teve o seu ano perfeito"},"content":{"rendered":"<table class=\" aligncenter\">\n<tbody>\n<tr>\n<td><img loading=\"lazy\" decoding=\"async\" id=\"image1\" src=\"https:\/\/www.estadio11.pt\/wp-content\/uploads\/2025\/07\/shutterstock_2636333397-300x200.jpg\" alt=\"Fotografia 1\" width=\"500\" height=\"333\" \/><\/p>\n<div id=\"caption1\" class=\"caption\">O Paris SG voltou a n\u00e3o ter rival eterno. <strong>Terminaram com 19 pontos de diferen\u00e7a para o segundo classificado<\/strong>, o Marselha, e n\u00e3o foram mais porque os campe\u00f5es franceses tiraram o p\u00e9 do acelerador por causa do desgaste da Liga dos Campe\u00f5es.<br \/>\nFoto shutterstock<\/div>\n<\/td>\n<\/tr>\n<tr>\n<td><img loading=\"lazy\" decoding=\"async\" id=\"image2\" src=\"https:\/\/www.estadio11.pt\/wp-content\/uploads\/2025\/06\/VfB-Stuttgart-v-Paris-Saint-Germain-UEFA-Champions-League-202425-League-Phase-MD8-7-300x188.jpg\" alt=\"Fotografia 2\" width=\"500\" height=\"333\" \/><\/p>\n<div id=\"caption2\" class=\"caption\">Ousmane Dembele voltou a ter uma temporada com n\u00fameros fant\u00e1sticos, tal como tivera em Dortmund. Foi decisivo em v\u00e1rios momentos da temporada, especialmente na Champions League. <strong>O desempenho foi t\u00e3o crucial para a temporada do PSG, que \u00e9 considerado um dos favoritos a ganhar a Bola de Ouro<\/strong>. Christian Kaspar-Bartke &#8211; UEFA\/UEFA via Getty Images<\/div>\n<\/td>\n<\/tr>\n<tr>\n<td><img loading=\"lazy\" decoding=\"async\" id=\"image3\" src=\"https:\/\/www.estadio11.pt\/wp-content\/uploads\/2025\/06\/Paris-Saint-Germain-v-Aston-Villa-FC-UEFA-Champions-League-202425-Quarter-Final-First-Leg-10-300x200.webp\" alt=\"Fotografia 3\" width=\"500\" height=\"333\" \/><\/p>\n<div id=\"caption3\" class=\"caption\">\n<p>Frequentemente as temporadas do Paris SG terminam em festa no Parc des Princes, mas este ano, com a equipa a jogar um futebol impressionante e a avan\u00e7ar etapas na Liga dos Campe\u00f5es, <strong>o ambiente no est\u00e1dio esteve ainda mais efusivo e a lota\u00e7\u00e3o dos 48.000 lugares esteve constantemente lotada<\/strong>. Foto UEFA.com<\/p>\n<\/div>\n<\/td>\n<\/tr>\n<tr>\n<td><img loading=\"lazy\" decoding=\"async\" id=\"image4\" src=\"https:\/\/www.estadio11.pt\/wp-content\/uploads\/2025\/06\/Paris-Saint-Germain-v-FC-Internazionale-Milano-UEFA-Champions-League-Final-2025-36-300x203.jpg\" alt=\"Fotografia 4\" width=\"500\" height=\"333\" \/><\/p>\n<div id=\"caption4\" class=\"caption\">O grande sonho do PSG! <strong>Vencer t\u00edtulos internos \u00e9 uma obriga\u00e7\u00e3o mas vencer a Liga dos Campe\u00f5es era o desejo de qualquer adepto<\/strong>. Quando a equipa teve no mesmo 11 o Neymar, Messi e Mbapp\u00e9 parecia que o desejo estava mais perto de realizar mas foram dois anos frustrantes a n\u00edvel europeu. Com a entrada do treinador Lu\u00eds Enrique, tentou-se rejuvenescer o plantel, com a entrada de mi\u00fados com potencial para serem estrelas no futuro <strong>mas que a curto prazo n\u00e3o se importassem de correr para a equipa<\/strong>.<br \/>\nAs contrata\u00e7\u00f5es de <strong>Vitinha, Jo\u00e3o Neves, Dou\u00e9, Kvaratskhelia entre outras, ajudaram a criar um 11 fort\u00edssimo<\/strong>, que se entreajuda e que correm todos pelo mesmo objetivo. Eliminaram o Liverpool e em Paris foi mesmo um massacre que a equipa inglesa sofreu. Eliminaram de forma imperial o Arsenal. <strong>E na final cilindraram o Inter por 5 a 0<\/strong>. Michael Regan &#8211; UEFA\/UEFA via Getty Images<\/div>\n<\/td>\n<\/tr>\n<\/tbody>\n<\/table>\n","protected":false},"excerpt":{"rendered":"<p>Ganhar t\u00edtulos internos \u00e9 uma obriga\u00e7\u00e3o para o Paris SG. Mas este ano conseguiram finalmente o grande objetivo: a Liga dos Campe\u00f5es! Terminaram com 19 pontos de dist\u00e2ncia para o 2\u00ba classificado e puderam assim poupar esfor\u00e7os para o merecido trof\u00e9u europeu.<\/p>\n","protected":false},"author":1,"featured_media":3608,"comment_status":"open","ping_status":"open","sticky":false,"template":"","format":"standard","meta":{"cybocfi_hide_featured_image":"","footnotes":""},"categories":[16,15,18],"tags":[55],"class_list":["post-3604","post","type-post","status-publish","format-standard","has-post-thumbnail","hentry","category-estadio11","category-futebol","category-internacional","tag-paris-sg"],"blocksy_meta":[],"_links":{"self":[{"href":"https:\/\/www.estadio11.pt\/index.php?rest_route=\/wp\/v2\/posts\/3604","targetHints":{"allow":["GET"]}}],"collection":[{"href":"https:\/\/www.estadio11.pt\/index.php?rest_route=\/wp\/v2\/posts"}],"about":[{"href":"https:\/\/www.estadio11.pt\/index.php?rest_route=\/wp\/v2\/types\/post"}],"author":[{"embeddable":true,"href":"https:\/\/www.estadio11.pt\/index.php?rest_route=\/wp\/v2\/users\/1"}],"replies":[{"embeddable":true,"href":"https:\/\/www.estadio11.pt\/index.php?rest_route=%2Fwp%2Fv2%2Fcomments&post=3604"}],"version-history":[{"count":6,"href":"https:\/\/www.estadio11.pt\/index.php?rest_route=\/wp\/v2\/posts\/3604\/revisions"}],"predecessor-version":[{"id":3616,"href":"https:\/\/www.estadio11.pt\/index.php?rest_route=\/wp\/v2\/posts\/3604\/revisions\/3616"}],"wp:featuredmedia":[{"embeddable":true,"href":"https:\/\/www.estadio11.pt\/index.php?rest_route=\/wp\/v2\/media\/3608"}],"wp:attachment":[{"href":"https:\/\/www.estadio11.pt\/index.php?rest_route=%2Fwp%2Fv2%2Fmedia&parent=3604"}],"wp:term":[{"taxonomy":"category","embeddable":true,"href":"https:\/\/www.estadio11.pt\/index.php?rest_route=%2Fwp%2Fv2%2Fcategories&post=3604"},{"taxonomy":"post_tag","embeddable":true,"href":"https:\/\/www.estadio11.pt\/index.php?rest_route=%2Fwp%2Fv2%2Ftags&post=3604"}],"curies":[{"name":"wp","href":"https:\/\/api.w.org\/{rel}","templated":true}]}}